{"id":14729,"date":"2025-04-05T19:42:38","date_gmt":"2025-04-05T17:42:38","guid":{"rendered":"https:\/\/www.sempertea.eu\/thes-et-infusions-pour-spas-centres-de-bien-etre-et-massages-capillaires-lart-du-rituel-qui-apaise-lame\/"},"modified":"2025-04-05T20:07:06","modified_gmt":"2025-04-05T18:07:06","slug":"thes-et-infusions-pour-spas-centres-de-bien-etre-massages-capillaires","status":"publish","type":"post","link":"https:\/\/www.sempertea.eu\/fr\/thes-et-infusions-pour-spas-centres-de-bien-etre-massages-capillaires\/","title":{"rendered":"Th\u00e9s et infusions pour spas, centres de bien-\u00eatre et massages capillaires: l\u2019art du rituel qui apaise l\u2019\u00e2me"},"content":{"rendered":"<p>Le v\u00e9ritable luxe r\u00e9side parfois dans la simplicit\u00e9 : celle de se d\u00e9connecter du monde ext\u00e9rieur pour mieux se reconnecter \u00e0 soi-m\u00eame. EVA OMETZ est bien plus qu\u2019un spa capillaire ; c\u2019est un sanctuaire de bien-\u00eatre, o\u00f9 chaque d\u00e9tail est pens\u00e9 pour inviter \u00e0 la s\u00e9r\u00e9nit\u00e9, restaurer l\u2019\u00e9quilibre int\u00e9rieur et offrir une <strong data-start=\"403\" data-end=\"435\">exp\u00e9rience sensorielle unique, sublim\u00e9e par le rituel du th\u00e9<\/strong>.<\/p>\n<p class=\"\" data-start=\"42\" data-end=\"176\">Eva Ometz est situ\u00e9 au c\u0153ur de Madrid, au 5, rue Villanueva, 28001.<\/p>\n<p class=\"\" data-start=\"178\" data-end=\"297\"><span class=\"relative -mx-px my-[-0.2rem] rounded-sm px-px py-[0.2rem]\">Cette oasis de bien-\u00eatre propose une exp\u00e9rience capillaire unique, alliant expertise avanc\u00e9e et approche holistique pour r\u00e9v\u00e9ler toute la beaut\u00e9 naturelle des cheveux.<\/span> <span class=\"relative -mx-px my-[-0.2rem] rounded-sm px-px py-[0.2rem]\">Gr\u00e2ce \u00e0 son atmosph\u00e8re apaisante et \u00e0 son \u00e9quipe de professionnels exp\u00e9riment\u00e9s, cet espace est l\u2019endroit parfait pour revitaliser et sublimer votre chevelure.<\/span><\/p>\n<p>D\u00e8s le premier instant, EVA OMETZ invite \u00e0 un profond l\u00e2cher-prise. L\u2019\u00e9clairage tamis\u00e9, les ar\u00f4mes subtils, le murmure apaisant de la musique et la texture naturelle des mat\u00e9riaux cr\u00e9ent une atmosph\u00e8re enveloppante, id\u00e9ale pour activer le syst\u00e8me nerveux parasympathique, notre alli\u00e9 naturel pour rel\u00e2cher les tensions et r\u00e9duire le stress. D\u00e8s que l\u2019on franchit la porte, le temps semble suspendu, <em>laissant place \u00e0 un moment de pure pr\u00e9sence.<\/em><\/p>\n<p>Ce qui rend EVA OMETZ v\u00e9ritablement unique, c\u2019est sa vision qui d\u00e9passe l\u2019esth\u00e9tique. Ici, la beaut\u00e9 est per\u00e7ue comme le reflet naturel de l\u2019harmonie int\u00e9rieure. Les cheveux, tout comme la peau et l\u2019esprit, ont besoin de nutrition, de repos et d\u2019\u00e9quilibre. Aujourd\u2019hui, cette approche holistique s\u2019enrichit d\u2019un nouveau rituel empreint de douceur : le th\u00e9.<\/p>\n<p class=\"\" data-start=\"1598\" data-end=\"1839\">Les <strong data-start=\"1602\" data-end=\"1628\">infusions durables<\/strong> de Semper Tea, pr\u00e9sent\u00e9es dans leur <strong data-start=\"1681\" data-end=\"1713\">\u00e9l\u00e9gant format pyramidal biod\u00e9gradable<\/strong>, s\u2019int\u00e8grent parfaitement \u00e0 ce voyage de calme, de soin et de reconnexion. Une invitation \u00e0 cultiver le bien-\u00eatre int\u00e9rieur avec conscience et plaisir.<\/p>\n<p><img loading=\"lazy\" decoding=\"async\" class=\"aligncenter wp-image-14433 size-full\" title=\"Th\u00e9s et infusions pour spas\" src=\"https:\/\/www.sempertea.eu\/wp-content\/uploads\/2025\/03\/tes-e-Infusiones-ecologicas-para-peluqueria.jpg\" alt=\"Th\u00e9s et infusions pour spas\" width=\"900\" height=\"380\" srcset=\"https:\/\/www.sempertea.eu\/wp-content\/uploads\/2025\/03\/tes-e-Infusiones-ecologicas-para-peluqueria.jpg 900w, https:\/\/www.sempertea.eu\/wp-content\/uploads\/2025\/03\/tes-e-Infusiones-ecologicas-para-peluqueria-510x215.jpg 510w, https:\/\/www.sempertea.eu\/wp-content\/uploads\/2025\/03\/tes-e-Infusiones-ecologicas-para-peluqueria-300x127.jpg 300w, https:\/\/www.sempertea.eu\/wp-content\/uploads\/2025\/03\/tes-e-Infusiones-ecologicas-para-peluqueria-768x324.jpg 768w\" sizes=\"auto, (max-width: 900px) 100vw, 900px\" \/><\/p>\n<h2>Le th\u00e9 : une rencontre harmonieuse entre nature, bien-\u00eatre et plaisir sensoriel<\/h2>\n<p>Boire du th\u00e9 est un rituel ancestral qui nous relie \u00e0 la terre, \u00e0 la pause et \u00e0 l\u2019instant pr\u00e9sent. Semper Tea s\u2019int\u00e8gre naturellement \u00e0 l\u2019exp\u00e9rience EVA OMETZ comme une invitation \u00e0 savourer pleinement chaque instant, \u00e0 transformer l\u2019attente en un moment de plaisir et \u00e0 nourrir le corps et l\u2019esprit de l\u2019int\u00e9rieur.<\/p>\n<p>Chaque infusion a \u00e9t\u00e9 soigneusement choisie pour prolonger la sensation de bien-\u00eatre : des vari\u00e9t\u00e9s revitalisantes aux options apaisantes qui enveloppent le corps d&rsquo;une chaleur douce et r\u00e9confortante. Bien plus qu&rsquo;une boisson, c\u2019est un geste de soin envers soi-m\u00eame, une promesse de tranquillit\u00e9 \u00e0 chaque gorg\u00e9e.<\/p>\n<p>\u00c0 l\u2019image des soins capillaires EVA OMETZ, le th\u00e9 nous rappelle l\u2019importance des rythmes naturels, de l\u2019\u00e9quilibre et de la beaut\u00e9 authentique qui \u00e9merge lorsque nous prenons soin de nous avec attention et douceur.<\/p>\n<p><img loading=\"lazy\" decoding=\"async\" class=\"aligncenter wp-image-14421 size-full\" title=\"Th\u00e9s et infusions pour les salons de beaut\u00e9\" src=\"https:\/\/www.sempertea.eu\/wp-content\/uploads\/2025\/03\/tes-e-Infusiones-para-salon-de-belleza.jpg\" alt=\"Th\u00e9s et infusions pour les salons de beaut\u00e9\" width=\"900\" height=\"380\" srcset=\"https:\/\/www.sempertea.eu\/wp-content\/uploads\/2025\/03\/tes-e-Infusiones-para-salon-de-belleza.jpg 900w, https:\/\/www.sempertea.eu\/wp-content\/uploads\/2025\/03\/tes-e-Infusiones-para-salon-de-belleza-510x215.jpg 510w, https:\/\/www.sempertea.eu\/wp-content\/uploads\/2025\/03\/tes-e-Infusiones-para-salon-de-belleza-300x127.jpg 300w, https:\/\/www.sempertea.eu\/wp-content\/uploads\/2025\/03\/tes-e-Infusiones-para-salon-de-belleza-768x324.jpg 768w\" sizes=\"auto, (max-width: 900px) 100vw, 900px\" \/><\/p>\n<p>Les <a href=\"https:\/\/www.sempertea.eu\/te-piramide-ecologico\/\">12 saveurs de th\u00e9s et infusions de la collection Coral<\/a>, soigneusement pr\u00e9sent\u00e9es dans une \u00e9l\u00e9gante bo\u00eete et propos\u00e9es \u00e0 la d\u00e9gustation chez EVA OMETZ, sont les suivantes :<\/p>\n<ol>\n<li>\u2615 English Breakfast \u2013 Un th\u00e9 noir classique, fort et robuste, id\u00e9al pour bien commencer la journ\u00e9e.<\/li>\n<li>\ud83c\udf4b Earl Grey \u2013 Th\u00e9 noir aromatis\u00e9 \u00e0 la bergamote, \u00e9l\u00e9gant et raffin\u00e9.<\/li>\n<li>\ud83c\udf42 Oolong \u2013 Th\u00e9 semi-ferment\u00e9, au go\u00fbt doux et \u00e9quilibr\u00e9.<\/li>\n<li>\ud83c\udfd4\ufe0f Darjeeling \u2013 Connu comme le \u00ab champagne des th\u00e9s \u00bb, floral et raffin\u00e9.<\/li>\n<li>\ud83c\udf3f Chai \u2013 Th\u00e9 noir \u00e9pic\u00e9 avec de la cannelle, du gingembre, des clous de girofle et de la cardamome.<\/li>\n<li>\ud83c\udf43 Green \u2013 Th\u00e9 vert pur, frais et plein d&rsquo;antioxydants.<\/li>\n<li>\ud83c\udf31 Herbal &#8211; Infusion de plantes naturelles pour un moment de calme et de bien-\u00eatre.<\/li>\n<li>\ud83c\udf66 Pu-erh Vanilla \u2013 Th\u00e9 rouge avec une touche de vanille, doux et r\u00e9confortant.<\/li>\n<li>\ud83c\udf3e Rooibos \u2013 Infusion sud-africaine sans caf\u00e9ine, sucr\u00e9e et avec des notes terreuses.<\/li>\n<li>\ud83c\udf53 Fruit \u2013 M\u00e9lange de fruits d\u00e9shydrat\u00e9s, rafra\u00eechissant et fruit\u00e9.<\/li>\n<li>\ud83c\udf3f Menthe \u2013 Infusion de menthe fra\u00eeche, tonifiante et digestive.<\/li>\n<li>\ud83c\udf3c Camomille &#8211; Infusion de camomille, id\u00e9ale pour d\u00e9tendre le corps et l&rsquo;esprit.<\/li>\n<\/ol>\n<p>Chez <a href=\"https:\/\/www.evaometz.com\/\">EVA OMETZ<\/a>, chaque tasse devient un rituel de bien-\u00eatre, o\u00f9 la qualit\u00e9 des infusions biologiques se m\u00eale \u00e0 l\u2019exp\u00e9rience sensorielle unique du spa capillaire.<\/p>\n<p><img loading=\"lazy\" decoding=\"async\" class=\"aligncenter wp-image-14425 size-full\" title=\"Th\u00e9 Semper Tea dans des espaces de d\u00e9tente\" src=\"https:\/\/www.sempertea.eu\/wp-content\/uploads\/2025\/03\/tes-e-infusiones-para-negocios.jpg\" alt=\"Th\u00e9 Semper Tea dans des espaces de d\u00e9tente\" width=\"900\" height=\"380\" srcset=\"https:\/\/www.sempertea.eu\/wp-content\/uploads\/2025\/03\/tes-e-infusiones-para-negocios.jpg 900w, https:\/\/www.sempertea.eu\/wp-content\/uploads\/2025\/03\/tes-e-infusiones-para-negocios-510x215.jpg 510w, https:\/\/www.sempertea.eu\/wp-content\/uploads\/2025\/03\/tes-e-infusiones-para-negocios-300x127.jpg 300w, https:\/\/www.sempertea.eu\/wp-content\/uploads\/2025\/03\/tes-e-infusiones-para-negocios-768x324.jpg 768w\" sizes=\"auto, (max-width: 900px) 100vw, 900px\" \/><\/p>\n<h3>Un espace d\u00e9di\u00e9 au bien-\u00eatre \u00e9motionnel<\/h3>\n<p>L\u2019environnement influence directement notre \u00e9tat d\u2019esprit. Chez EVA OMETZ, les textures organiques, les tons neutres et les formes douces ne rel\u00e8vent pas seulement d\u2019un choix esth\u00e9tique, mais incarnent un principe fondamental des neurosciences : les espaces harmonieux favorisent naturellement le bien-\u00eatre.<\/p>\n<p>Notre cerveau est naturellement programm\u00e9 pour se sentir en s\u00e9curit\u00e9 dans des environnements qui rappellent la nature. Entour\u00e9s de mat\u00e9riaux naturels, notre syst\u00e8me limbique, centre des \u00e9motions, per\u00e7oit l\u2019espace comme un refuge, r\u00e9duisant l\u2019anxi\u00e9t\u00e9 et renfor\u00e7ant la sensation de calme.<\/p>\n<p>EVA OMETZ a \u00e9lev\u00e9 ce savoir en cr\u00e9ant un espace qui transforme non seulement l\u2019apparence des cheveux, mais aussi l\u2019\u00e9tat d\u2019esprit. Le<strong> th\u00e9 biologique premium<\/strong> de<strong> Semper Tea<\/strong> accompagne parfaitement cette exp\u00e9rience sensorielle unique.<\/p>\n<p>Chaque tasse s\u2019inscrit dans un v\u00e9ritable <strong>rituel de th\u00e9 conscient,<\/strong> pens\u00e9 pour prendre <strong>soin de soi<\/strong> et se reconnecter \u00e0 son essence. Les <strong>infusions, saines et raffin\u00e9es<\/strong>, servies dans des <strong>pyramides biod\u00e9gradables<\/strong> <strong>sans microplastiques<\/strong>, s\u2019int\u00e8grent naturellement comme une pause r\u00e9g\u00e9n\u00e9ratrice dans ce spa capillaire d\u00e9di\u00e9 \u00e0 l\u2019\u00e9quilibre global.<\/p>\n<p>Bien plus qu\u2019une boisson, c\u2019est une v\u00e9ritable <strong>exp\u00e9rience sensorielle autour du th\u00e9<\/strong>, un geste qui accompagne et renforce le bien-\u00eatre de l\u2019int\u00e9rieur.<\/p>\n<p>Les <strong>infusions durables <\/strong>de <strong>Semper Tea, pr\u00e9sentes dans des espaces de d\u00e9tente<\/strong> comme EVA OMETZ, subliment chaque instant en unissant plaisir, calme et respect du corps et de la nature dans chaque gorg\u00e9e.<\/p>\n<p>Un <strong>th\u00e9 pens\u00e9 pour le spa et le bien-\u00eatre<\/strong>. \u00c0 ressentir, \u00e0 vivre pleinement et \u00e0 savourer.<\/p>\n<p><img loading=\"lazy\" decoding=\"async\" class=\"aligncenter wp-image-14429 size-full\" title=\"infusions pour les centres de beaut\u00e9\" src=\"https:\/\/www.sempertea.eu\/wp-content\/uploads\/2025\/03\/te-e-Infusiones-para-spa.jpg\" alt=\"infusions pour les centres de beaut\u00e9 \" width=\"900\" height=\"380\" srcset=\"https:\/\/www.sempertea.eu\/wp-content\/uploads\/2025\/03\/te-e-Infusiones-para-spa.jpg 900w, https:\/\/www.sempertea.eu\/wp-content\/uploads\/2025\/03\/te-e-Infusiones-para-spa-510x215.jpg 510w, https:\/\/www.sempertea.eu\/wp-content\/uploads\/2025\/03\/te-e-Infusiones-para-spa-300x127.jpg 300w, https:\/\/www.sempertea.eu\/wp-content\/uploads\/2025\/03\/te-e-Infusiones-para-spa-768x324.jpg 768w\" sizes=\"auto, (max-width: 900px) 100vw, 900px\" \/><\/p>\n<h4>Une exp\u00e9rience \u00e0 ressentir, \u00e0 vivre<\/h4>\n<p>Bien plus qu\u2019un soin capillaire, une infusion chaude ou un design raffin\u00e9, EVA OMETZ et Semper Tea cr\u00e9ent une synergie unique o\u00f9 beaut\u00e9, s\u00e9r\u00e9nit\u00e9 et plaisir sensoriel se rejoignent en une seule exp\u00e9rience.<\/p>\n<p>Ici, chaque d\u00e9tail est con\u00e7u pour que vous vous sentiez envelopp\u00e9 de soin, de bienveillance et de s\u00e9r\u00e9nit\u00e9. Car la v\u00e9ritable beaut\u00e9 ne se limite pas \u00e0 ce que l\u2019on voit, elle se vit et se ressent.<\/p>\n<p>Offrez-vous un instant de calme, de d\u00e9tente et de plaisir. Laissez-vous porter par l\u2019art de prendre soin de vous avec EVA OMETZ.<\/p>\n<p><iframe loading=\"lazy\" title=\"La experiencia EVA OMETZ se saborea con Semper Tea - Masaje capilar\" width=\"1020\" height=\"574\" src=\"https:\/\/www.youtube.com\/embed\/salHjOXMpV0?feature=oembed\" frameborder=\"0\" allow=\"accelerometer; autoplay; clipboard-write; encrypted-media; gyroscope; picture-in-picture; web-share\" referrerpolicy=\"strict-origin-when-cross-origin\" allowfullscreen><\/iframe><\/p>\n<p>&nbsp;<\/p>\n","protected":false},"excerpt":{"rendered":"<p>Le v\u00e9ritable luxe r\u00e9side parfois dans la simplicit\u00e9 : celle de se d\u00e9connecter du monde ext\u00e9rieur pour mieux se reconnecter \u00e0 soi-m\u00eame. EVA OMETZ est bien plus qu\u2019un spa capillaire ; c\u2019est un sanctuaire de bien-\u00eatre, o\u00f9 chaque d\u00e9tail est pens\u00e9 pour inviter \u00e0 la s\u00e9r\u00e9nit\u00e9, restaurer l\u2019\u00e9quilibre int\u00e9rieur et offrir une exp\u00e9rience sensorielle unique, [&#8230;]\n","protected":false},"author":1,"featured_media":14418,"comment_status":"open","ping_status":"open","sticky":false,"template":"","format":"standard","meta":{"footnotes":""},"categories":[245,293],"tags":[308,277],"class_list":["post-14729","post","type-post","status-publish","format-standard","has-post-thumbnail","hentry","category-non-classifiee","category-thes-et-infusions-en-horeca","tag-coffee-break-fr","tag-les-bienfaits-du-the-vert"],"yoast_head":"<!-- This site is optimized with the Yoast SEO Premium plugin v27.3 (Yoast SEO v27.4) - https:\/\/yoast.com\/product\/yoast-seo-premium-wordpress\/ -->\n<title>Th\u00e9s et infusions pour spas centres de bien-\u00eatre et massages capillaires<\/title>\n<meta name=\"description\" content=\"D\u00e9couvrez nos th\u00e9s et infusions pour spas et centres de bien-\u00eatre, parfaits pour accompagner vos rituels de relaxation et de soin.\" \/>\n<meta name=\"robots\" content=\"index, follow, max-snippet:-1, max-image-preview:large, max-video-preview:-1\" \/>\n<link rel=\"canonical\" href=\"https:\/\/www.sempertea.eu\/fr\/thes-et-infusions-pour-spas-centres-de-bien-etre-massages-capillaires\/\" \/>\n<meta property=\"og:locale\" content=\"fr_FR\" \/>\n<meta property=\"og:type\" content=\"article\" \/>\n<meta property=\"og:title\" content=\"Th\u00e9s et infusions pour spas, centres de bien-\u00eatre et massages capillaires: l\u2019art du rituel qui apaise l\u2019\u00e2me\" \/>\n<meta property=\"og:description\" content=\"D\u00e9couvrez nos th\u00e9s et infusions pour spas et centres de bien-\u00eatre, parfaits pour accompagner vos rituels de relaxation et de soin.\" \/>\n<meta property=\"og:url\" content=\"https:\/\/www.sempertea.eu\/fr\/thes-et-infusions-pour-spas-centres-de-bien-etre-massages-capillaires\/\" \/>\n<meta property=\"og:site_name\" content=\"Semper Tea | Mayorista y fabricante de T\u00e9s e Infusiones para hoteles, restaurantes y bares\" \/>\n<meta property=\"article:published_time\" content=\"2025-04-05T17:42:38+00:00\" \/>\n<meta property=\"article:modified_time\" content=\"2025-04-05T18:07:06+00:00\" \/>\n<meta property=\"og:image\" content=\"https:\/\/www.sempertea.eu\/wp-content\/uploads\/2025\/03\/eva-ometz-semper-tea-tes-e-infusiones-ecologicas.jpg\" \/>\n\t<meta property=\"og:image:width\" content=\"900\" \/>\n\t<meta property=\"og:image:height\" content=\"500\" \/>\n\t<meta property=\"og:image:type\" content=\"image\/jpeg\" \/>\n<meta name=\"author\" content=\"Admin_Semper\" \/>\n<meta name=\"twitter:card\" content=\"summary_large_image\" \/>\n<meta name=\"twitter:label1\" content=\"\u00c9crit par\" \/>\n\t<meta name=\"twitter:data1\" content=\"Admin_Semper\" \/>\n\t<meta name=\"twitter:label2\" content=\"Dur\u00e9e de lecture estim\u00e9e\" \/>\n\t<meta name=\"twitter:data2\" content=\"6 minutes\" \/>\n<script type=\"application\/ld+json\" class=\"yoast-schema-graph\">{\"@context\":\"https:\\\/\\\/schema.org\",\"@graph\":[{\"@type\":\"Article\",\"@id\":\"https:\\\/\\\/www.sempertea.eu\\\/fr\\\/thes-et-infusions-pour-spas-centres-de-bien-etre-massages-capillaires\\\/#article\",\"isPartOf\":{\"@id\":\"https:\\\/\\\/www.sempertea.eu\\\/fr\\\/thes-et-infusions-pour-spas-centres-de-bien-etre-massages-capillaires\\\/\"},\"author\":{\"name\":\"Admin_Semper\",\"@id\":\"https:\\\/\\\/www.sempertea.eu\\\/#\\\/schema\\\/person\\\/3d249d9caa79db214995d29776f03383\"},\"headline\":\"Th\u00e9s et infusions pour spas, centres de bien-\u00eatre et massages capillaires: l\u2019art du rituel qui apaise l\u2019\u00e2me\",\"datePublished\":\"2025-04-05T17:42:38+00:00\",\"dateModified\":\"2025-04-05T18:07:06+00:00\",\"mainEntityOfPage\":{\"@id\":\"https:\\\/\\\/www.sempertea.eu\\\/fr\\\/thes-et-infusions-pour-spas-centres-de-bien-etre-massages-capillaires\\\/\"},\"wordCount\":1114,\"commentCount\":0,\"image\":{\"@id\":\"https:\\\/\\\/www.sempertea.eu\\\/fr\\\/thes-et-infusions-pour-spas-centres-de-bien-etre-massages-capillaires\\\/#primaryimage\"},\"thumbnailUrl\":\"https:\\\/\\\/www.sempertea.eu\\\/wp-content\\\/uploads\\\/2025\\\/03\\\/eva-ometz-semper-tea-tes-e-infusiones-ecologicas.jpg\",\"keywords\":[\"coffee break\",\"les bienfaits du th\u00e9 vert\"],\"articleSection\":[\"Non classifi\u00e9(e)\",\"Th\u00e9s et infusions en Horeca\"],\"inLanguage\":\"fr-FR\",\"potentialAction\":[{\"@type\":\"CommentAction\",\"name\":\"Comment\",\"target\":[\"https:\\\/\\\/www.sempertea.eu\\\/fr\\\/thes-et-infusions-pour-spas-centres-de-bien-etre-massages-capillaires\\\/#respond\"]}]},{\"@type\":\"WebPage\",\"@id\":\"https:\\\/\\\/www.sempertea.eu\\\/fr\\\/thes-et-infusions-pour-spas-centres-de-bien-etre-massages-capillaires\\\/\",\"url\":\"https:\\\/\\\/www.sempertea.eu\\\/fr\\\/thes-et-infusions-pour-spas-centres-de-bien-etre-massages-capillaires\\\/\",\"name\":\"Th\u00e9s et infusions pour spas centres de bien-\u00eatre et massages capillaires\",\"isPartOf\":{\"@id\":\"https:\\\/\\\/www.sempertea.eu\\\/#website\"},\"primaryImageOfPage\":{\"@id\":\"https:\\\/\\\/www.sempertea.eu\\\/fr\\\/thes-et-infusions-pour-spas-centres-de-bien-etre-massages-capillaires\\\/#primaryimage\"},\"image\":{\"@id\":\"https:\\\/\\\/www.sempertea.eu\\\/fr\\\/thes-et-infusions-pour-spas-centres-de-bien-etre-massages-capillaires\\\/#primaryimage\"},\"thumbnailUrl\":\"https:\\\/\\\/www.sempertea.eu\\\/wp-content\\\/uploads\\\/2025\\\/03\\\/eva-ometz-semper-tea-tes-e-infusiones-ecologicas.jpg\",\"datePublished\":\"2025-04-05T17:42:38+00:00\",\"dateModified\":\"2025-04-05T18:07:06+00:00\",\"author\":{\"@id\":\"https:\\\/\\\/www.sempertea.eu\\\/#\\\/schema\\\/person\\\/3d249d9caa79db214995d29776f03383\"},\"description\":\"D\u00e9couvrez nos th\u00e9s et infusions pour spas et centres de bien-\u00eatre, parfaits pour accompagner vos rituels de relaxation et de soin.\",\"breadcrumb\":{\"@id\":\"https:\\\/\\\/www.sempertea.eu\\\/fr\\\/thes-et-infusions-pour-spas-centres-de-bien-etre-massages-capillaires\\\/#breadcrumb\"},\"inLanguage\":\"fr-FR\",\"potentialAction\":[{\"@type\":\"ReadAction\",\"target\":[\"https:\\\/\\\/www.sempertea.eu\\\/fr\\\/thes-et-infusions-pour-spas-centres-de-bien-etre-massages-capillaires\\\/\"]}]},{\"@type\":\"ImageObject\",\"inLanguage\":\"fr-FR\",\"@id\":\"https:\\\/\\\/www.sempertea.eu\\\/fr\\\/thes-et-infusions-pour-spas-centres-de-bien-etre-massages-capillaires\\\/#primaryimage\",\"url\":\"https:\\\/\\\/www.sempertea.eu\\\/wp-content\\\/uploads\\\/2025\\\/03\\\/eva-ometz-semper-tea-tes-e-infusiones-ecologicas.jpg\",\"contentUrl\":\"https:\\\/\\\/www.sempertea.eu\\\/wp-content\\\/uploads\\\/2025\\\/03\\\/eva-ometz-semper-tea-tes-e-infusiones-ecologicas.jpg\",\"width\":900,\"height\":500,\"caption\":\"eva ometz &amp; semper tea tes e infusiones ecologicas\"},{\"@type\":\"BreadcrumbList\",\"@id\":\"https:\\\/\\\/www.sempertea.eu\\\/fr\\\/thes-et-infusions-pour-spas-centres-de-bien-etre-massages-capillaires\\\/#breadcrumb\",\"itemListElement\":[{\"@type\":\"ListItem\",\"position\":1,\"name\":\"Portada\",\"item\":\"https:\\\/\\\/www.sempertea.eu\\\/\"},{\"@type\":\"ListItem\",\"position\":2,\"name\":\"Th\u00e9s et infusions pour spas, centres de bien-\u00eatre et massages capillaires: l\u2019art du rituel qui apaise l\u2019\u00e2me\"}]},{\"@type\":\"WebSite\",\"@id\":\"https:\\\/\\\/www.sempertea.eu\\\/#website\",\"url\":\"https:\\\/\\\/www.sempertea.eu\\\/\",\"name\":\"Semper Tea | Mayorista y fabricante de T\u00e9s e Infusiones para hoteles, restaurantes y bares\",\"description\":\"T\u00e9s e infusiones para hosteler\u00eda, hoteler\u00eda y comercio\",\"potentialAction\":[{\"@type\":\"SearchAction\",\"target\":{\"@type\":\"EntryPoint\",\"urlTemplate\":\"https:\\\/\\\/www.sempertea.eu\\\/?s={search_term_string}\"},\"query-input\":{\"@type\":\"PropertyValueSpecification\",\"valueRequired\":true,\"valueName\":\"search_term_string\"}}],\"inLanguage\":\"fr-FR\"},{\"@type\":\"Person\",\"@id\":\"https:\\\/\\\/www.sempertea.eu\\\/#\\\/schema\\\/person\\\/3d249d9caa79db214995d29776f03383\",\"name\":\"Admin_Semper\",\"image\":{\"@type\":\"ImageObject\",\"inLanguage\":\"fr-FR\",\"@id\":\"https:\\\/\\\/secure.gravatar.com\\\/avatar\\\/7b84099ec3f49cd89ac9cb92a21c6140853aa619f3f37668ea17a2cc42324cfc?s=96&d=mm&r=g\",\"url\":\"https:\\\/\\\/secure.gravatar.com\\\/avatar\\\/7b84099ec3f49cd89ac9cb92a21c6140853aa619f3f37668ea17a2cc42324cfc?s=96&d=mm&r=g\",\"contentUrl\":\"https:\\\/\\\/secure.gravatar.com\\\/avatar\\\/7b84099ec3f49cd89ac9cb92a21c6140853aa619f3f37668ea17a2cc42324cfc?s=96&d=mm&r=g\",\"caption\":\"Admin_Semper\"},\"sameAs\":[\"https:\\\/\\\/www.sempertea.eu\"],\"url\":\"https:\\\/\\\/www.sempertea.eu\\\/fr\\\/author\\\/admin\\\/\"}]}<\/script>\n<!-- \/ Yoast SEO Premium plugin. -->","yoast_head_json":{"title":"Th\u00e9s et infusions pour spas centres de bien-\u00eatre et massages capillaires","description":"D\u00e9couvrez nos th\u00e9s et infusions pour spas et centres de bien-\u00eatre, parfaits pour accompagner vos rituels de relaxation et de soin.","robots":{"index":"index","follow":"follow","max-snippet":"max-snippet:-1","max-image-preview":"max-image-preview:large","max-video-preview":"max-video-preview:-1"},"canonical":"https:\/\/www.sempertea.eu\/fr\/thes-et-infusions-pour-spas-centres-de-bien-etre-massages-capillaires\/","og_locale":"fr_FR","og_type":"article","og_title":"Th\u00e9s et infusions pour spas, centres de bien-\u00eatre et massages capillaires: l\u2019art du rituel qui apaise l\u2019\u00e2me","og_description":"D\u00e9couvrez nos th\u00e9s et infusions pour spas et centres de bien-\u00eatre, parfaits pour accompagner vos rituels de relaxation et de soin.","og_url":"https:\/\/www.sempertea.eu\/fr\/thes-et-infusions-pour-spas-centres-de-bien-etre-massages-capillaires\/","og_site_name":"Semper Tea | Mayorista y fabricante de T\u00e9s e Infusiones para hoteles, restaurantes y bares","article_published_time":"2025-04-05T17:42:38+00:00","article_modified_time":"2025-04-05T18:07:06+00:00","og_image":[{"width":900,"height":500,"url":"https:\/\/www.sempertea.eu\/wp-content\/uploads\/2025\/03\/eva-ometz-semper-tea-tes-e-infusiones-ecologicas.jpg","type":"image\/jpeg"}],"author":"Admin_Semper","twitter_card":"summary_large_image","twitter_misc":{"\u00c9crit par":"Admin_Semper","Dur\u00e9e de lecture estim\u00e9e":"6 minutes"},"schema":{"@context":"https:\/\/schema.org","@graph":[{"@type":"Article","@id":"https:\/\/www.sempertea.eu\/fr\/thes-et-infusions-pour-spas-centres-de-bien-etre-massages-capillaires\/#article","isPartOf":{"@id":"https:\/\/www.sempertea.eu\/fr\/thes-et-infusions-pour-spas-centres-de-bien-etre-massages-capillaires\/"},"author":{"name":"Admin_Semper","@id":"https:\/\/www.sempertea.eu\/#\/schema\/person\/3d249d9caa79db214995d29776f03383"},"headline":"Th\u00e9s et infusions pour spas, centres de bien-\u00eatre et massages capillaires: l\u2019art du rituel qui apaise l\u2019\u00e2me","datePublished":"2025-04-05T17:42:38+00:00","dateModified":"2025-04-05T18:07:06+00:00","mainEntityOfPage":{"@id":"https:\/\/www.sempertea.eu\/fr\/thes-et-infusions-pour-spas-centres-de-bien-etre-massages-capillaires\/"},"wordCount":1114,"commentCount":0,"image":{"@id":"https:\/\/www.sempertea.eu\/fr\/thes-et-infusions-pour-spas-centres-de-bien-etre-massages-capillaires\/#primaryimage"},"thumbnailUrl":"https:\/\/www.sempertea.eu\/wp-content\/uploads\/2025\/03\/eva-ometz-semper-tea-tes-e-infusiones-ecologicas.jpg","keywords":["coffee break","les bienfaits du th\u00e9 vert"],"articleSection":["Non classifi\u00e9(e)","Th\u00e9s et infusions en Horeca"],"inLanguage":"fr-FR","potentialAction":[{"@type":"CommentAction","name":"Comment","target":["https:\/\/www.sempertea.eu\/fr\/thes-et-infusions-pour-spas-centres-de-bien-etre-massages-capillaires\/#respond"]}]},{"@type":"WebPage","@id":"https:\/\/www.sempertea.eu\/fr\/thes-et-infusions-pour-spas-centres-de-bien-etre-massages-capillaires\/","url":"https:\/\/www.sempertea.eu\/fr\/thes-et-infusions-pour-spas-centres-de-bien-etre-massages-capillaires\/","name":"Th\u00e9s et infusions pour spas centres de bien-\u00eatre et massages capillaires","isPartOf":{"@id":"https:\/\/www.sempertea.eu\/#website"},"primaryImageOfPage":{"@id":"https:\/\/www.sempertea.eu\/fr\/thes-et-infusions-pour-spas-centres-de-bien-etre-massages-capillaires\/#primaryimage"},"image":{"@id":"https:\/\/www.sempertea.eu\/fr\/thes-et-infusions-pour-spas-centres-de-bien-etre-massages-capillaires\/#primaryimage"},"thumbnailUrl":"https:\/\/www.sempertea.eu\/wp-content\/uploads\/2025\/03\/eva-ometz-semper-tea-tes-e-infusiones-ecologicas.jpg","datePublished":"2025-04-05T17:42:38+00:00","dateModified":"2025-04-05T18:07:06+00:00","author":{"@id":"https:\/\/www.sempertea.eu\/#\/schema\/person\/3d249d9caa79db214995d29776f03383"},"description":"D\u00e9couvrez nos th\u00e9s et infusions pour spas et centres de bien-\u00eatre, parfaits pour accompagner vos rituels de relaxation et de soin.","breadcrumb":{"@id":"https:\/\/www.sempertea.eu\/fr\/thes-et-infusions-pour-spas-centres-de-bien-etre-massages-capillaires\/#breadcrumb"},"inLanguage":"fr-FR","potentialAction":[{"@type":"ReadAction","target":["https:\/\/www.sempertea.eu\/fr\/thes-et-infusions-pour-spas-centres-de-bien-etre-massages-capillaires\/"]}]},{"@type":"ImageObject","inLanguage":"fr-FR","@id":"https:\/\/www.sempertea.eu\/fr\/thes-et-infusions-pour-spas-centres-de-bien-etre-massages-capillaires\/#primaryimage","url":"https:\/\/www.sempertea.eu\/wp-content\/uploads\/2025\/03\/eva-ometz-semper-tea-tes-e-infusiones-ecologicas.jpg","contentUrl":"https:\/\/www.sempertea.eu\/wp-content\/uploads\/2025\/03\/eva-ometz-semper-tea-tes-e-infusiones-ecologicas.jpg","width":900,"height":500,"caption":"eva ometz &amp; semper tea tes e infusiones ecologicas"},{"@type":"BreadcrumbList","@id":"https:\/\/www.sempertea.eu\/fr\/thes-et-infusions-pour-spas-centres-de-bien-etre-massages-capillaires\/#breadcrumb","itemListElement":[{"@type":"ListItem","position":1,"name":"Portada","item":"https:\/\/www.sempertea.eu\/"},{"@type":"ListItem","position":2,"name":"Th\u00e9s et infusions pour spas, centres de bien-\u00eatre et massages capillaires: l\u2019art du rituel qui apaise l\u2019\u00e2me"}]},{"@type":"WebSite","@id":"https:\/\/www.sempertea.eu\/#website","url":"https:\/\/www.sempertea.eu\/","name":"Semper Tea | Mayorista y fabricante de T\u00e9s e Infusiones para hoteles, restaurantes y bares","description":"T\u00e9s e infusiones para hosteler\u00eda, hoteler\u00eda y comercio","potentialAction":[{"@type":"SearchAction","target":{"@type":"EntryPoint","urlTemplate":"https:\/\/www.sempertea.eu\/?s={search_term_string}"},"query-input":{"@type":"PropertyValueSpecification","valueRequired":true,"valueName":"search_term_string"}}],"inLanguage":"fr-FR"},{"@type":"Person","@id":"https:\/\/www.sempertea.eu\/#\/schema\/person\/3d249d9caa79db214995d29776f03383","name":"Admin_Semper","image":{"@type":"ImageObject","inLanguage":"fr-FR","@id":"https:\/\/secure.gravatar.com\/avatar\/7b84099ec3f49cd89ac9cb92a21c6140853aa619f3f37668ea17a2cc42324cfc?s=96&d=mm&r=g","url":"https:\/\/secure.gravatar.com\/avatar\/7b84099ec3f49cd89ac9cb92a21c6140853aa619f3f37668ea17a2cc42324cfc?s=96&d=mm&r=g","contentUrl":"https:\/\/secure.gravatar.com\/avatar\/7b84099ec3f49cd89ac9cb92a21c6140853aa619f3f37668ea17a2cc42324cfc?s=96&d=mm&r=g","caption":"Admin_Semper"},"sameAs":["https:\/\/www.sempertea.eu"],"url":"https:\/\/www.sempertea.eu\/fr\/author\/admin\/"}]}},"_links":{"self":[{"href":"https:\/\/www.sempertea.eu\/fr\/wp-json\/wp\/v2\/posts\/14729","targetHints":{"allow":["GET"]}}],"collection":[{"href":"https:\/\/www.sempertea.eu\/fr\/wp-json\/wp\/v2\/posts"}],"about":[{"href":"https:\/\/www.sempertea.eu\/fr\/wp-json\/wp\/v2\/types\/post"}],"author":[{"embeddable":true,"href":"https:\/\/www.sempertea.eu\/fr\/wp-json\/wp\/v2\/users\/1"}],"replies":[{"embeddable":true,"href":"https:\/\/www.sempertea.eu\/fr\/wp-json\/wp\/v2\/comments?post=14729"}],"version-history":[{"count":0,"href":"https:\/\/www.sempertea.eu\/fr\/wp-json\/wp\/v2\/posts\/14729\/revisions"}],"wp:featuredmedia":[{"embeddable":true,"href":"https:\/\/www.sempertea.eu\/fr\/wp-json\/wp\/v2\/media\/14418"}],"wp:attachment":[{"href":"https:\/\/www.sempertea.eu\/fr\/wp-json\/wp\/v2\/media?parent=14729"}],"wp:term":[{"taxonomy":"category","embeddable":true,"href":"https:\/\/www.sempertea.eu\/fr\/wp-json\/wp\/v2\/categories?post=14729"},{"taxonomy":"post_tag","embeddable":true,"href":"https:\/\/www.sempertea.eu\/fr\/wp-json\/wp\/v2\/tags?post=14729"}],"curies":[{"name":"wp","href":"https:\/\/api.w.org\/{rel}","templated":true}]}}